{"id":7642,"date":"2025-02-25T15:49:18","date_gmt":"2025-02-25T14:49:18","guid":{"rendered":"https:\/\/www.lesbainsdecorot.com\/?p=7642"},"modified":"2025-02-26T09:10:31","modified_gmt":"2025-02-26T08:10:31","slug":"spa-massage-yvelines","status":"publish","type":"post","link":"https:\/\/www.lesbainsdecorot.com\/en\/spa-massage-yvelines\/","title":{"rendered":"Spa et massage \u00e0 5km des Yvelines"},"content":{"rendered":"<div data-elementor-type=\"wp-post\" data-elementor-id=\"7642\" class=\"elementor elementor-7642\" data-elementor-post-type=\"post\">\n\t\t\t\t\t\t<section class=\"elementor-section elementor-top-section elementor-element elementor-element-2a5bde75 elementor-section-boxed elementor-section-height-default elementor-section-height-default\" data-id=\"2a5bde75\" data-element_type=\"section\" data-e-type=\"section\">\n\t\t\t\t\t\t<div class=\"elementor-container elementor-column-gap-default\">\n\t\t\t\t\t<div class=\"elementor-column elementor-col-100 elementor-top-column elementor-element elementor-element-fa28991\" data-id=\"fa28991\" data-element_type=\"column\" data-e-type=\"column\">\n\t\t\t<div class=\"elementor-widget-wrap elementor-element-populated\">\n\t\t\t\t\t\t<div class=\"elementor-element elementor-element-5480d37f elementor-widget elementor-widget-text-editor\" data-id=\"5480d37f\" data-element_type=\"widget\" data-e-type=\"widget\" data-widget_type=\"text-editor.default\">\n\t\t\t\t<div class=\"elementor-widget-container\">\n\t\t\t\t\t\t\t\t\t<h2><b>Jacuzzis privatifs et soins du corps dans un cadre bucolique proche de Paris<\/b><\/h2><p><span style=\"font-weight: 400;\">Chers citadins, vous qui r\u00eavez d&rsquo;une journ\u00e9e de d\u00e9tente en pleine nature sans faire 2 heures de route, voici une adresse qui devrait vous int\u00e9resser ! Un lieu de bien-\u00eatre unique avec des cabines de massage et jacuzzi privatif \u00e0 seulement 15 minutes de Paris. C&rsquo;est une v\u00e9ritable p\u00e9pite pour celles et ceux qui souhaitent se mettre au vert et l\u00e2cher prise le temps d&rsquo;une journ\u00e9e. Notre <\/span><a href=\"https:\/\/www.lesbainsdecorot.com\/en\/\">spa<\/a> \u00e0 5 km des Yvelines<span style=\"font-weight: 400;\"> est un cocon de douceur, laissez-vous guider\u2026<\/span><\/p><h2><b>Une bulle de bien-\u00eatre aux portes de Paris\u00a0<\/b><\/h2><h3><b>Un cadre bucolique \u00e0 5 minutes de Versailles<\/b><\/h3><p><span style=\"font-weight: 400;\">En r\u00e9gion parisienne, le rythme est souvent effr\u00e9n\u00e9, voire stressant. Pour \u00e9chapper \u00e0 ce tourbillon, accordez vous un moment de bien-\u00eatre avec le chant des oiseaux en fond sonore. Les<\/span><a href=\"https:\/\/www.etangs-corot.com\/fr\/\" rel=\"nofollow noopener\" target=\"_blank\"><span style=\"font-weight: 400;\"> Etangs de Corot<\/span><\/a><span style=\"font-weight: 400;\"> est une adresse intimiste \u00e0 8 kilom\u00e8tres de Paris, sur la commune de Ville-d&rsquo;Avray. En effet, ce lieu de bien-\u00eatre est situ\u00e9 dans un h\u00f4tel 4 \u00e9toiles, entour\u00e9 d&rsquo;\u00e9tangs et de for\u00eats. Ici, vous venez pour vivre un moment suspendu tout en profitant des mains expertes des spa-praticiennes. Les offres s&rsquo;adressent aussi bien aux couples, aux personnes seules qu&rsquo;aux amis, permettant ainsi \u00e0 tout le monde d&rsquo;en profiter.<\/span><\/p><h3><b>Une ambiance intimiste pour vos moments de d\u00e9tente\u00a0<\/b><\/h3><p><span style=\"font-weight: 400;\">Ce qui fait le charme et le succ\u00e8s de cet espace sp\u00e9cialis\u00e9 dans le <\/span>spa et les massages dans les Hauts de Seine<span style=\"font-weight: 400;\">, c&rsquo;est son aspect confidentiel. Ici, on vient trouver un cocon calme et exclusif pour vivre un moment suspendu. D\u00e8s votre arriv\u00e9e, c&rsquo;est une ambiance sereine et chaleureuse qui vous accueille. La d\u00e9coration, v\u00e9g\u00e9tale et moderne, convient parfaitement \u00e0 un moment de d\u00e9tente totale. Vous vous sentirez bien loin de vos pr\u00e9occupations quotidiennes et de Paris ! Dans les cabines de massage, une ambiance tamis\u00e9e et raffin\u00e9e invite au l\u00e2cher-prise et \u00e0 la relaxation. Pour l&rsquo;achat d&rsquo;un soin, un acc\u00e8s de 2 heures au centre de bien \u00eatre vous est offert. Ainsi vous pouvez profiter de toutes les installations : bains \u00e0 remous, sauna et tisanerie. Un moment dont vous pouvez profiter en solitaire ou le partager en duo.\u00a0<\/span><\/p><h2><b>Espaces de relaxations et jacuzzis proche des Yvelines<\/b><\/h2><h3><b>Les soins haut de gamme : le luxe du choix<\/b><\/h3><p><span style=\"font-weight: 400;\">Aux Bains de Corot, l&rsquo;accent est mis sur la qualit\u00e9, des produits aux savoir-faire, rien n&rsquo;est laiss\u00e9 au hasard. Pour vous proposer le meilleur, deux collaborations :<\/span><\/p><ul><li style=\"font-weight: 400;\" aria-level=\"1\"><a href=\"https:\/\/www.lesbainsdecorot.com\/en\/product-category-2\/phytomer-les-bains-de-corot\/\"><b>Les soins Phytomer<\/b><\/a><span style=\"font-weight: 400;\"> : Pionni\u00e8re de la cosm\u00e9tique marine, Phytomer est une marque bretonne qui exploite les bienfaits de nombreux actifs v\u00e9g\u00e9taux afin de formuler des produits naturels performants. Engag\u00e9e dans une d\u00e9marche \u00e9co-responsable, Phytomer privil\u00e9gie des proc\u00e9d\u00e9s de biotechnologie durable et une fabrication locale \u00e0 Saint-Malo.\u00a0<\/span><\/li><\/ul><ul><li style=\"font-weight: 400;\" aria-level=\"1\"><a href=\"https:\/\/www.lesbainsdecorot.com\/en\/product-category-2\/kos-spa-proche-paris\/\"><b>Les soins Kos<\/b><\/a><span style=\"font-weight: 400;\"> : Inspir\u00e9e par les traditions ancestrales et la richesse du monde v\u00e9g\u00e9tal, KOS propose une gamme de soins d\u2019exception formul\u00e9s \u00e0 partir d\u2019actifs naturels puissants. La marque privil\u00e9gie des ingr\u00e9dients bio et des extraits botaniques minutieusement s\u00e9lectionn\u00e9s pour leurs bienfaits sur la peau et l\u2019esprit.\u00a0<\/span><\/li><\/ul><h3><b>Les bulles privatives : un moment de relaxation<\/b><\/h3><p><span style=\"font-weight: 400;\">En plus des nombreux soins, l&rsquo;\u00e9tablissement propose des exp\u00e9riences plus exclusives. Des espaces-temps con\u00e7us sp\u00e9cialement pour les personnes en qu\u00eate d&rsquo;intimit\u00e9 et de calme. Pour assurer une exp\u00e9rience r\u00e9ussie, les<a href=\"https:\/\/www.lesbainsdecorot.com\/en\/product-category-2\/nos-bulles-journee-spa-versailles\/\"> jacuzzis<\/a> privatifs sont tous situ\u00e9s en ext\u00e9rieur avec vue sur les \u00e9tangs. Afin de pr\u00e9server le calme et la s\u00e9curit\u00e9, les enfants ne sont pas admis aux Bains de Corot. Vous pouvez choisir l&rsquo;acc\u00e8s aux jacuzzis seuls ou bien opter pour une formule avec massages. Pour un moment romantique, l&rsquo;\u00e9quipe de l&rsquo;\u00e9tablissement <\/span>de spa et de massages des Yvelines<span style=\"font-weight: 400;\">, vous propose une option avec demi-bouteille de champagne. Succ\u00e8s garanti pour surprendre votre partenaire !\u00a0<\/span><\/p>\t\t\t\t\t\t\t\t<\/div>\n\t\t\t\t<\/div>\n\t\t\t\t\t<\/div>\n\t\t<\/div>\n\t\t\t\t\t<\/div>\n\t\t<\/section>\n\t\t\t\t<\/div>","protected":false},"excerpt":{"rendered":"<p>Jacuzzis privatifs et soins du corps dans un cadre bucolique proche de Paris Chers citadins, vous qui r\u00eavez d&rsquo;une journ\u00e9e de d\u00e9tente en pleine nature sans faire 2 heures de route, voici une adresse qui devrait vous int\u00e9resser ! Un lieu de bien-\u00eatre unique avec des cabines de massage et jacuzzi privatif \u00e0 seulement 15 [&hellip;]<\/p>\n","protected":false},"author":17,"featured_media":7586,"comment_status":"closed","ping_status":"open","sticky":false,"template":"","format":"standard","meta":{"inline_featured_image":false,"footnotes":""},"categories":[1],"tags":[],"class_list":["post-7642","post","type-post","status-publish","format-standard","has-post-thumbnail","hentry","category-blog"],"_links":{"self":[{"href":"https:\/\/www.lesbainsdecorot.com\/en\/wp-json\/wp\/v2\/posts\/7642","targetHints":{"allow":["GET"]}}],"collection":[{"href":"https:\/\/www.lesbainsdecorot.com\/en\/wp-json\/wp\/v2\/posts"}],"about":[{"href":"https:\/\/www.lesbainsdecorot.com\/en\/wp-json\/wp\/v2\/types\/post"}],"author":[{"embeddable":true,"href":"https:\/\/www.lesbainsdecorot.com\/en\/wp-json\/wp\/v2\/users\/17"}],"replies":[{"embeddable":true,"href":"https:\/\/www.lesbainsdecorot.com\/en\/wp-json\/wp\/v2\/comments?post=7642"}],"version-history":[{"count":7,"href":"https:\/\/www.lesbainsdecorot.com\/en\/wp-json\/wp\/v2\/posts\/7642\/revisions"}],"predecessor-version":[{"id":7673,"href":"https:\/\/www.lesbainsdecorot.com\/en\/wp-json\/wp\/v2\/posts\/7642\/revisions\/7673"}],"wp:featuredmedia":[{"embeddable":true,"href":"https:\/\/www.lesbainsdecorot.com\/en\/wp-json\/wp\/v2\/media\/7586"}],"wp:attachment":[{"href":"https:\/\/www.lesbainsdecorot.com\/en\/wp-json\/wp\/v2\/media?parent=7642"}],"wp:term":[{"taxonomy":"category","embeddable":true,"href":"https:\/\/www.lesbainsdecorot.com\/en\/wp-json\/wp\/v2\/categories?post=7642"},{"taxonomy":"post_tag","embeddable":true,"href":"https:\/\/www.lesbainsdecorot.com\/en\/wp-json\/wp\/v2\/tags?post=7642"}],"curies":[{"name":"wp","href":"https:\/\/api.w.org\/{rel}","templated":true}]}}